{"id":9946,"date":"2022-12-24T14:33:33","date_gmt":"2022-12-24T11:33:33","guid":{"rendered":"http:\/\/cizgiromanokulu.org\/cr\/?p=9946"},"modified":"2022-12-24T15:15:28","modified_gmt":"2022-12-24T12:15:28","slug":"cizgi-roman-artik-universitede","status":"publish","type":"post","link":"https:\/\/cizgiromanokulu.org\/cr\/cizgi-roman-artik-universitede\/","title":{"rendered":"\u00c7izgi Roman Art\u0131k \u00dcniversitede"},"content":{"rendered":"<p><a href=\"https:\/\/cizgiromanokulu.org\/cr\/wp-content\/uploads\/2022\/12\/3.png\"><img loading=\"lazy\" decoding=\"async\" class=\" wp-image-9951 alignleft\" src=\"https:\/\/cizgiromanokulu.org\/cr\/wp-content\/uploads\/2022\/12\/3-225x300.png\" alt=\"\" width=\"175\" height=\"233\" srcset=\"https:\/\/cizgiromanokulu.org\/cr\/wp-content\/uploads\/2022\/12\/3-225x300.png 225w, https:\/\/cizgiromanokulu.org\/cr\/wp-content\/uploads\/2022\/12\/3-600x800.png 600w, https:\/\/cizgiromanokulu.org\/cr\/wp-content\/uploads\/2022\/12\/3-624x832.png 624w, https:\/\/cizgiromanokulu.org\/cr\/wp-content\/uploads\/2022\/12\/3.png 768w\" sizes=\"auto, (max-width: 175px) 100vw, 175px\" \/><\/a> Fatih Sultan Mehmet Vak\u0131f \u00dcniversitesi Meslek Y\u00fcksekokulu \u00c7ocuk Geli\u015fimi Program\u0131n\u0131n d\u00fczenledi\u011fi <strong>\u201c\u00c7\u0130ZG\u0130 ROMAN AT\u00d6LYES\u0130<\/strong>\u201d konulu etkinlik \u00c7ocuk Geli\u015fimi Program\u0131 \u00f6\u011frencilerinin kat\u0131l\u0131m\u0131yla ger\u00e7ekle\u015ftirildi. 23 Aral\u0131k 2022 Cuma g\u00fcn\u00fc saat 11:30-13:00 aras\u0131nda Hali\u00e7 Kamp\u00fcs\u00fcnde H-A218 numaral\u0131 derslikte yap\u0131lan etkinli\u011fin son derece verimli ge\u00e7ti\u011fi bildirildi.<\/p>\n<p>Yazar ve \u00e7izer Fehmi DEM\u0130RBA\u011e\u2019\u0131n kat\u0131l\u0131m\u0131yla d\u00fczenlenen etkinlikte; hayata dair re\u00e7eteler ve form\u00fcller \u201c5M+1S (Merak-Mant\u0131k-Malumat-M\u00fcnazara-Muhafaza*Sayg\u0131), 3+1D (Dil, Din, D\u00fcn*Dinlemek)\u201d ele al\u0131nd\u0131. Kat\u0131l\u0131mc\u0131lar hayallerini yaz\u0131p \u00e7izdiler.<\/p>\n<p>Drama yap\u0131larak empatinin g\u00fcc\u00fcn\u00fcn ke\u015ffedilmesi hedeflendi. S\u0131ra d\u0131\u015f\u0131, esprili ve keyifli at\u00f6lye \u00e7al\u0131\u015fmas\u0131nda pek \u00e7ok konuda bilgi payla\u015f\u0131m\u0131 ger\u00e7ekle\u015ftirildi. Fehmi Demirba\u011f kitaplar\u0131n\u0131 imzalayarak kat\u0131l\u0131mc\u0131lara hediye etti. Etkinlik Meslek Y\u00fcksekokulu \u00c7ocuk Geli\u015fimi Program\u0131 \u00d6\u011fretim G\u00f6revlisi Halime Nur SEZER Hocan\u0131n, Fehmi DEM\u0130RBA\u011e\u2019a<a href=\"https:\/\/cizgiromanokulu.org\/cr\/wp-content\/uploads\/2022\/12\/2.jpg\"><img loading=\"lazy\" decoding=\"async\" class=\" wp-image-9952 alignright\" src=\"https:\/\/cizgiromanokulu.org\/cr\/wp-content\/uploads\/2022\/12\/2-300x169.jpg\" alt=\"\" width=\"254\" height=\"143\" srcset=\"https:\/\/cizgiromanokulu.org\/cr\/wp-content\/uploads\/2022\/12\/2-300x169.jpg 300w, https:\/\/cizgiromanokulu.org\/cr\/wp-content\/uploads\/2022\/12\/2-600x338.jpg 600w, https:\/\/cizgiromanokulu.org\/cr\/wp-content\/uploads\/2022\/12\/2-1024x576.jpg 1024w, https:\/\/cizgiromanokulu.org\/cr\/wp-content\/uploads\/2022\/12\/2-768x432.jpg 768w, https:\/\/cizgiromanokulu.org\/cr\/wp-content\/uploads\/2022\/12\/2-624x351.jpg 624w, https:\/\/cizgiromanokulu.org\/cr\/wp-content\/uploads\/2022\/12\/2.jpg 1226w\" sizes=\"auto, (max-width: 254px) 100vw, 254px\" \/><\/a> te\u015fekk\u00fcr olarak fidan sertifikas\u0131 takdimi, foto\u011fraf \u00e7ekimi, kat\u0131l\u0131mc\u0131lar\u0131n te\u015fekk\u00fcr ve iyi dilek sunumlar\u0131yla tamamland\u0131.<\/p>\n","protected":false},"excerpt":{"rendered":"<p>Fatih Sultan Mehmet Vak\u0131f \u00dcniversitesi Meslek Y\u00fcksekokulu \u00c7ocuk Geli\u015fimi Program\u0131n\u0131n d\u00fczenledi\u011fi \u201c\u00c7\u0130ZG\u0130 ROMAN AT\u00d6LYES\u0130\u201d konulu etkinlik \u00c7ocuk Geli\u015fimi Program\u0131 \u00f6\u011frencilerinin kat\u0131l\u0131m\u0131yla ger\u00e7ekle\u015ftirildi. 23 Aral\u0131k 2022 Cuma g\u00fcn\u00fc saat 11:30-13:00 aras\u0131nda Hali\u00e7 Kamp\u00fcs\u00fcnde H-A218 numaral\u0131 derslikte yap\u0131lan etkinli\u011fin son derece verimli ge\u00e7ti\u011fi bildirildi. Yazar ve \u00e7izer Fehmi DEM\u0130RBA\u011e\u2019\u0131n kat\u0131l\u0131m\u0131yla d\u00fczenlenen etkinlikte; hayata dair re\u00e7eteler ve form\u00fcller [&hellip;]<\/p>\n","protected":false},"author":1,"featured_media":9947,"comment_status":"open","ping_status":"open","sticky":false,"template":"","format":"standard","meta":{"footnotes":""},"categories":[],"tags":[],"class_list":["post-9946","post","type-post","status-publish","format-standard","has-post-thumbnail","hentry"],"_links":{"self":[{"href":"https:\/\/cizgiromanokulu.org\/cr\/wp-json\/wp\/v2\/posts\/9946","targetHints":{"allow":["GET"]}}],"collection":[{"href":"https:\/\/cizgiromanokulu.org\/cr\/wp-json\/wp\/v2\/posts"}],"about":[{"href":"https:\/\/cizgiromanokulu.org\/cr\/wp-json\/wp\/v2\/types\/post"}],"author":[{"embeddable":true,"href":"https:\/\/cizgiromanokulu.org\/cr\/wp-json\/wp\/v2\/users\/1"}],"replies":[{"embeddable":true,"href":"https:\/\/cizgiromanokulu.org\/cr\/wp-json\/wp\/v2\/comments?post=9946"}],"version-history":[{"count":4,"href":"https:\/\/cizgiromanokulu.org\/cr\/wp-json\/wp\/v2\/posts\/9946\/revisions"}],"predecessor-version":[{"id":9953,"href":"https:\/\/cizgiromanokulu.org\/cr\/wp-json\/wp\/v2\/posts\/9946\/revisions\/9953"}],"wp:featuredmedia":[{"embeddable":true,"href":"https:\/\/cizgiromanokulu.org\/cr\/wp-json\/wp\/v2\/media\/9947"}],"wp:attachment":[{"href":"https:\/\/cizgiromanokulu.org\/cr\/wp-json\/wp\/v2\/media?parent=9946"}],"wp:term":[{"taxonomy":"category","embeddable":true,"href":"https:\/\/cizgiromanokulu.org\/cr\/wp-json\/wp\/v2\/categories?post=9946"},{"taxonomy":"post_tag","embeddable":true,"href":"https:\/\/cizgiromanokulu.org\/cr\/wp-json\/wp\/v2\/tags?post=9946"}],"curies":[{"name":"wp","href":"https:\/\/api.w.org\/{rel}","templated":true}]}}