{"id":9854,"date":"2022-11-10T17:53:55","date_gmt":"2022-11-10T14:53:55","guid":{"rendered":"http:\/\/cizgiromanokulu.org\/cr\/?p=9854"},"modified":"2022-11-10T17:55:51","modified_gmt":"2022-11-10T14:55:51","slug":"esenlerli-gencler-kendi-cizgi-romanlarini-tasarliyor","status":"publish","type":"post","link":"https:\/\/cizgiromanokulu.org\/cr\/esenlerli-gencler-kendi-cizgi-romanlarini-tasarliyor\/","title":{"rendered":"ESENLERL\u0130 GEN\u00c7LER KEND\u0130 \u00c7\u0130ZG\u0130 ROMANLARINI TASARLIYOR"},"content":{"rendered":"<p><a href=\"https:\/\/cizgiromanokulu.org\/cr\/wp-content\/uploads\/2022\/11\/cizgi-roman-atolyesi-2-960x540-1.jpg\"><img loading=\"lazy\" decoding=\"async\" class=\"size-medium wp-image-9855 alignleft\" src=\"https:\/\/cizgiromanokulu.org\/cr\/wp-content\/uploads\/2022\/11\/cizgi-roman-atolyesi-2-960x540-1-300x169.jpg\" alt=\"\" width=\"300\" height=\"169\" srcset=\"https:\/\/cizgiromanokulu.org\/cr\/wp-content\/uploads\/2022\/11\/cizgi-roman-atolyesi-2-960x540-1-300x169.jpg 300w, https:\/\/cizgiromanokulu.org\/cr\/wp-content\/uploads\/2022\/11\/cizgi-roman-atolyesi-2-960x540-1-600x338.jpg 600w, https:\/\/cizgiromanokulu.org\/cr\/wp-content\/uploads\/2022\/11\/cizgi-roman-atolyesi-2-960x540-1-768x432.jpg 768w, https:\/\/cizgiromanokulu.org\/cr\/wp-content\/uploads\/2022\/11\/cizgi-roman-atolyesi-2-960x540-1-624x351.jpg 624w, https:\/\/cizgiromanokulu.org\/cr\/wp-content\/uploads\/2022\/11\/cizgi-roman-atolyesi-2-960x540-1.jpg 960w\" sizes=\"auto, (max-width: 300px) 100vw, 300px\" \/><\/a> \u00c7izgi roman sever Esenlerli gen\u00e7ler, \u201cOkur Gezer\u201d otob\u00fcs\u00fcnde e\u011fitimci Fehmi Demirba\u011f e\u015fli\u011finde kendi \u00e7izgi roman kahramanlar\u0131n\u0131 ortaya \u00e7\u0131kart\u0131yor. Esenler Belediyesi Gen\u00e7lik ve Spor Hizmetleri M\u00fcd\u00fcrl\u00fc\u011f\u00fc, \u00e7izgi roman at\u00f6lyesine kat\u0131larak ba\u015far\u0131l\u0131 \u00e7izim ve hik\u00e2yeler tasarlayan gen\u00e7lerin kendi \u00e7izgi romanlar\u0131n\u0131 \u00e7\u0131karmalar\u0131 i\u00e7in destek olacak.<\/p>\n<p>Esenler D\u00f6rtyol Meydan\u0131 ve \u0130brahim Turhan Anadolu Lisesi\u2019nde y\u00fczlerce gencin kat\u0131l\u0131m\u0131yla ger\u00e7ekle\u015ftirilen at\u00f6lyenin sonuncusu 9 Kas\u0131m \u00c7ar\u015famba g\u00fcn\u00fc yine Esenler D\u00f6rtyol Meydan\u0131\u2019nda ger\u00e7ekle\u015ftirilecek.<\/p>\n<p><strong>GEN\u00c7L\u0130K VARSA, GELECEK VAR<\/strong><br \/>\nT\u00fcrkiye\u2019nin ilk ve tek \u00e7izgi roman okulunun kurucusu e\u011fitimci, yazar ve \u00e7izer Fehmi Demirba\u011f, \u2018Gen\u00e7leri dert edinmi\u015f bir abinizim\u2019 \u015fu \u015fekilde konu\u015ftu:<\/p>\n<p>\u201cGen\u00e7lerini ihmal eden toplumlar, geleceklerini ihmal ederler. \u0130\u015fte bu sebeple gen\u00e7lere ula\u015fmaya \u00e7al\u0131\u015f\u0131yorum. Bunu da bu g\u00fcn\u00fcn diliyle yapmaya \u00e7al\u0131\u015f\u0131yorum. \u00d6n planda g\u00f6ze \u00e7arpan \u015fey de \u00e7izgi roman. Manga k\u00fclt\u00fcr\u00fc gen\u00e7lerimizi sar\u0131p sarmalam\u0131\u015f durumda. Biz de yerlilik noktas\u0131nda kendi k\u00fclt\u00fcrel de\u011ferlerimizi gen\u00e7lerimize bu y\u00f6ntem \u00fczerinden \u00f6\u011fretelim arzusunday\u0131z. Bu yolda da muhte\u015fem i\u015fler \u00e7\u0131k\u0131yor. Gen\u00e7lik varsa gelecek var.\u201d<\/p>\n<p><a href=\"https:\/\/esenler.bel.tr\/haberler\/genel\/esenlerli-gencler-kendi-cizgi-romanlarini-tasarliyor\/\">Esenler Belediyesinin konu ile ilgili haberini okumak i\u00e7in t\u0131klay\u0131n.<\/a><\/p>\n<p><a href=\"https:\/\/cizgiromanokulu.org\/cr\/wp-content\/uploads\/2022\/11\/cizgi-roman-atolyesi-5-1920x1080-1.jpg\"><img loading=\"lazy\" decoding=\"async\" class=\"alignnone size-medium wp-image-9856\" src=\"https:\/\/cizgiromanokulu.org\/cr\/wp-content\/uploads\/2022\/11\/cizgi-roman-atolyesi-5-1920x1080-1-300x169.jpg\" alt=\"\" width=\"300\" height=\"169\" srcset=\"https:\/\/cizgiromanokulu.org\/cr\/wp-content\/uploads\/2022\/11\/cizgi-roman-atolyesi-5-1920x1080-1-300x169.jpg 300w, https:\/\/cizgiromanokulu.org\/cr\/wp-content\/uploads\/2022\/11\/cizgi-roman-atolyesi-5-1920x1080-1-600x338.jpg 600w, https:\/\/cizgiromanokulu.org\/cr\/wp-content\/uploads\/2022\/11\/cizgi-roman-atolyesi-5-1920x1080-1-1024x576.jpg 1024w, https:\/\/cizgiromanokulu.org\/cr\/wp-content\/uploads\/2022\/11\/cizgi-roman-atolyesi-5-1920x1080-1-768x432.jpg 768w, https:\/\/cizgiromanokulu.org\/cr\/wp-content\/uploads\/2022\/11\/cizgi-roman-atolyesi-5-1920x1080-1-1536x864.jpg 1536w, https:\/\/cizgiromanokulu.org\/cr\/wp-content\/uploads\/2022\/11\/cizgi-roman-atolyesi-5-1920x1080-1-624x351.jpg 624w, https:\/\/cizgiromanokulu.org\/cr\/wp-content\/uploads\/2022\/11\/cizgi-roman-atolyesi-5-1920x1080-1.jpg 1920w\" sizes=\"auto, (max-width: 300px) 100vw, 300px\" \/><\/a><\/p>\n","protected":false},"excerpt":{"rendered":"<p>\u00c7izgi roman sever Esenlerli gen\u00e7ler, \u201cOkur Gezer\u201d otob\u00fcs\u00fcnde e\u011fitimci Fehmi Demirba\u011f e\u015fli\u011finde kendi \u00e7izgi roman kahramanlar\u0131n\u0131 ortaya \u00e7\u0131kart\u0131yor. Esenler Belediyesi Gen\u00e7lik ve Spor Hizmetleri M\u00fcd\u00fcrl\u00fc\u011f\u00fc, \u00e7izgi roman at\u00f6lyesine kat\u0131larak ba\u015far\u0131l\u0131 \u00e7izim ve hik\u00e2yeler tasarlayan gen\u00e7lerin kendi \u00e7izgi romanlar\u0131n\u0131 \u00e7\u0131karmalar\u0131 i\u00e7in destek olacak. Esenler D\u00f6rtyol Meydan\u0131 ve \u0130brahim Turhan Anadolu Lisesi\u2019nde y\u00fczlerce gencin kat\u0131l\u0131m\u0131yla ger\u00e7ekle\u015ftirilen at\u00f6lyenin [&hellip;]<\/p>\n","protected":false},"author":1,"featured_media":9855,"comment_status":"open","ping_status":"open","sticky":false,"template":"","format":"standard","meta":{"footnotes":""},"categories":[],"tags":[],"class_list":["post-9854","post","type-post","status-publish","format-standard","has-post-thumbnail","hentry"],"_links":{"self":[{"href":"https:\/\/cizgiromanokulu.org\/cr\/wp-json\/wp\/v2\/posts\/9854","targetHints":{"allow":["GET"]}}],"collection":[{"href":"https:\/\/cizgiromanokulu.org\/cr\/wp-json\/wp\/v2\/posts"}],"about":[{"href":"https:\/\/cizgiromanokulu.org\/cr\/wp-json\/wp\/v2\/types\/post"}],"author":[{"embeddable":true,"href":"https:\/\/cizgiromanokulu.org\/cr\/wp-json\/wp\/v2\/users\/1"}],"replies":[{"embeddable":true,"href":"https:\/\/cizgiromanokulu.org\/cr\/wp-json\/wp\/v2\/comments?post=9854"}],"version-history":[{"count":2,"href":"https:\/\/cizgiromanokulu.org\/cr\/wp-json\/wp\/v2\/posts\/9854\/revisions"}],"predecessor-version":[{"id":9859,"href":"https:\/\/cizgiromanokulu.org\/cr\/wp-json\/wp\/v2\/posts\/9854\/revisions\/9859"}],"wp:featuredmedia":[{"embeddable":true,"href":"https:\/\/cizgiromanokulu.org\/cr\/wp-json\/wp\/v2\/media\/9855"}],"wp:attachment":[{"href":"https:\/\/cizgiromanokulu.org\/cr\/wp-json\/wp\/v2\/media?parent=9854"}],"wp:term":[{"taxonomy":"category","embeddable":true,"href":"https:\/\/cizgiromanokulu.org\/cr\/wp-json\/wp\/v2\/categories?post=9854"},{"taxonomy":"post_tag","embeddable":true,"href":"https:\/\/cizgiromanokulu.org\/cr\/wp-json\/wp\/v2\/tags?post=9854"}],"curies":[{"name":"wp","href":"https:\/\/api.w.org\/{rel}","templated":true}]}}