{"id":9665,"date":"2022-10-31T20:08:32","date_gmt":"2022-10-31T17:08:32","guid":{"rendered":"http:\/\/cizgiromanokulu.org\/cr\/?p=9665"},"modified":"2022-10-31T20:08:32","modified_gmt":"2022-10-31T17:08:32","slug":"fehmi-demirbagdan-yeni-bir-proje-daha-turku-seminer","status":"publish","type":"post","link":"https:\/\/cizgiromanokulu.org\/cr\/fehmi-demirbagdan-yeni-bir-proje-daha-turku-seminer\/","title":{"rendered":"Fehmi Demirba\u011f&#8217;dan yeni bir proje daha: T\u00fcrk\u00fc Seminer"},"content":{"rendered":"<p>Topra\u011f\u0131 Vatan K\u0131lan T\u00fcrk\u00fcler geliyor. Fehmi Demirba\u011f yepyeni bir proje ile Solist H\u00fcseyin Yazgan ile beraber Topra\u011f\u0131 Vatan K\u0131lan T\u00fcrk\u00fcler Seminerleri ile t\u00fcrk\u00fclerin hikayelerini, T\u00fcrkiye&#8217;nin hikayelerini anlat\u0131yor.<\/p>\n<p>Topra\u011f\u0131 Vatan K\u0131lan T\u00fcrk\u00fcler, T\u00fcrk\u00fc Seminer hakk\u0131nda geni\u015f bilgi i\u00e7in:<\/p>\n<blockquote class=\"wp-embedded-content\" data-secret=\"ZKSD7PiNit\"><p><a href=\"https:\/\/cizgiromanokulu.org\/cr\/turku-seminer-topragi-vatan-kilan-turkuler\/\">T\u00fcrk\u00fc Seminer: TOPRA\u011eI VATAN KILAN T\u00dcRK\u00dcLER<\/a><\/p><\/blockquote>\n<p><iframe loading=\"lazy\" class=\"wp-embedded-content\" sandbox=\"allow-scripts\" security=\"restricted\" style=\"position: absolute; visibility: hidden;\" title=\"&#8220;T\u00fcrk\u00fc Seminer: TOPRA\u011eI VATAN KILAN T\u00dcRK\u00dcLER&#8221; &#8212; \u00c7izgi Roman Okulu\" src=\"https:\/\/cizgiromanokulu.org\/cr\/turku-seminer-topragi-vatan-kilan-turkuler\/embed\/#?secret=XkazfIXSGU#?secret=ZKSD7PiNit\" data-secret=\"ZKSD7PiNit\" width=\"600\" height=\"338\" frameborder=\"0\" marginwidth=\"0\" marginheight=\"0\" scrolling=\"no\"><\/iframe><\/p>\n<p>&nbsp;<\/p>\n","protected":false},"excerpt":{"rendered":"<p>Topra\u011f\u0131 Vatan K\u0131lan T\u00fcrk\u00fcler geliyor. Fehmi Demirba\u011f yepyeni bir proje ile Solist H\u00fcseyin Yazgan ile beraber Topra\u011f\u0131 Vatan K\u0131lan T\u00fcrk\u00fcler Seminerleri ile t\u00fcrk\u00fclerin hikayelerini, T\u00fcrkiye&#8217;nin hikayelerini anlat\u0131yor. Topra\u011f\u0131 Vatan K\u0131lan T\u00fcrk\u00fcler, T\u00fcrk\u00fc Seminer hakk\u0131nda geni\u015f bilgi i\u00e7in: T\u00fcrk\u00fc Seminer: TOPRA\u011eI VATAN KILAN T\u00dcRK\u00dcLER &nbsp;<\/p>\n","protected":false},"author":1,"featured_media":9670,"comment_status":"open","ping_status":"open","sticky":false,"template":"","format":"standard","meta":{"footnotes":""},"categories":[],"tags":[],"class_list":["post-9665","post","type-post","status-publish","format-standard","has-post-thumbnail","hentry"],"_links":{"self":[{"href":"https:\/\/cizgiromanokulu.org\/cr\/wp-json\/wp\/v2\/posts\/9665","targetHints":{"allow":["GET"]}}],"collection":[{"href":"https:\/\/cizgiromanokulu.org\/cr\/wp-json\/wp\/v2\/posts"}],"about":[{"href":"https:\/\/cizgiromanokulu.org\/cr\/wp-json\/wp\/v2\/types\/post"}],"author":[{"embeddable":true,"href":"https:\/\/cizgiromanokulu.org\/cr\/wp-json\/wp\/v2\/users\/1"}],"replies":[{"embeddable":true,"href":"https:\/\/cizgiromanokulu.org\/cr\/wp-json\/wp\/v2\/comments?post=9665"}],"version-history":[{"count":2,"href":"https:\/\/cizgiromanokulu.org\/cr\/wp-json\/wp\/v2\/posts\/9665\/revisions"}],"predecessor-version":[{"id":9669,"href":"https:\/\/cizgiromanokulu.org\/cr\/wp-json\/wp\/v2\/posts\/9665\/revisions\/9669"}],"wp:featuredmedia":[{"embeddable":true,"href":"https:\/\/cizgiromanokulu.org\/cr\/wp-json\/wp\/v2\/media\/9670"}],"wp:attachment":[{"href":"https:\/\/cizgiromanokulu.org\/cr\/wp-json\/wp\/v2\/media?parent=9665"}],"wp:term":[{"taxonomy":"category","embeddable":true,"href":"https:\/\/cizgiromanokulu.org\/cr\/wp-json\/wp\/v2\/categories?post=9665"},{"taxonomy":"post_tag","embeddable":true,"href":"https:\/\/cizgiromanokulu.org\/cr\/wp-json\/wp\/v2\/tags?post=9665"}],"curies":[{"name":"wp","href":"https:\/\/api.w.org\/{rel}","templated":true}]}}