{"id":9605,"date":"2022-09-14T01:02:45","date_gmt":"2022-09-13T22:02:45","guid":{"rendered":"http:\/\/cizgiromanokulu.org\/cr\/?p=9605"},"modified":"2022-09-14T01:06:59","modified_gmt":"2022-09-13T22:06:59","slug":"cizgi-roman-okulu-sergisi-tuzlada-acildi","status":"publish","type":"post","link":"https:\/\/cizgiromanokulu.org\/cr\/cizgi-roman-okulu-sergisi-tuzlada-acildi\/","title":{"rendered":"\u00c7\u0130ZG\u0130 ROMAN OKULU SERG\u0130S\u0130 TUZLA&#8217;DA A\u00c7ILDI"},"content":{"rendered":"<p><a href=\"https:\/\/cizgiromanokulu.org\/cr\/wp-content\/uploads\/2022\/09\/cizgi-roman-okulu-sergisi-2022-tuzla-17-46-59.jpeg\"><img loading=\"lazy\" decoding=\"async\" class=\"wp-image-9608 alignleft\" src=\"https:\/\/cizgiromanokulu.org\/cr\/wp-content\/uploads\/2022\/09\/cizgi-roman-okulu-sergisi-2022-tuzla-17-46-59-1024x768.jpeg\" alt=\"\" width=\"321\" height=\"241\" srcset=\"https:\/\/cizgiromanokulu.org\/cr\/wp-content\/uploads\/2022\/09\/cizgi-roman-okulu-sergisi-2022-tuzla-17-46-59-1024x768.jpeg 1024w, https:\/\/cizgiromanokulu.org\/cr\/wp-content\/uploads\/2022\/09\/cizgi-roman-okulu-sergisi-2022-tuzla-17-46-59-600x450.jpeg 600w, https:\/\/cizgiromanokulu.org\/cr\/wp-content\/uploads\/2022\/09\/cizgi-roman-okulu-sergisi-2022-tuzla-17-46-59-300x225.jpeg 300w, https:\/\/cizgiromanokulu.org\/cr\/wp-content\/uploads\/2022\/09\/cizgi-roman-okulu-sergisi-2022-tuzla-17-46-59-768x576.jpeg 768w, https:\/\/cizgiromanokulu.org\/cr\/wp-content\/uploads\/2022\/09\/cizgi-roman-okulu-sergisi-2022-tuzla-17-46-59-1536x1152.jpeg 1536w, https:\/\/cizgiromanokulu.org\/cr\/wp-content\/uploads\/2022\/09\/cizgi-roman-okulu-sergisi-2022-tuzla-17-46-59-624x468.jpeg 624w, https:\/\/cizgiromanokulu.org\/cr\/wp-content\/uploads\/2022\/09\/cizgi-roman-okulu-sergisi-2022-tuzla-17-46-59.jpeg 1600w\" sizes=\"auto, (max-width: 321px) 100vw, 321px\" \/><\/a>Be\u015finci y\u0131l\u0131na ula\u015fan T\u00fcrkiye&#8217;nin ilk ve tek \u00e7izgi roman okulu Tuzla Rumeli K\u00fclt\u00fcr Merkezi&#8217;nde 2021-2022 \u00f6\u011fretim y\u0131l\u0131 sergisini a\u00e7t\u0131.<br \/>\nSerginin a\u00e7\u0131l\u0131\u015f\u0131n\u0131 Tuzla Belediye Ba\u015fkan yard\u0131mc\u0131s\u0131 Dr. Turgut \u00d6zcan yapt\u0131. \u00d6zcan sergiyi gezerek eserleri bulunan \u00f6\u011frencileri tebrik etti.<br \/>\nFehmi Demirba\u011f y\u00f6netimindeki \u00c7izgi Roman Okulu sergisinde 6 ya\u015f\u0131ndan 62 ya\u015f\u0131na kadar onlarca \u00f6\u011frencinin eseri yer al\u0131yor.<br \/>\n\u00c7izgi Roman Okulunun en ya\u015fl\u0131 \u00f6\u011frencisi 62 yasindaki \u015eeref Kurtar\u0131c\u0131 yaz\u0131p \u00e7izdi\u011fi K\u00f6ro\u011flu adl\u0131 22 sayfal\u0131k eseri ile dikkat \u00e7ekti.<br \/>\n5 bu\u00e7uk ya\u015f\u0131ndaki Kaz\u0131m Mert \u015e\u0131ko\u011flu annesi, babas\u0131 ve dokuz ya\u015f\u0131ndaki ablas\u0131yla aile boyu \u00e7izgi romanlara imza att\u0131lar.<br \/>\n\u0130layda Ayy\u0131ld\u0131z&#8217;\u0131n yaz\u0131p \u00e7izdi\u011fi 32 sayfal\u0131k \u0130ngilizce \u00e7izgi roman be\u011feni toplad\u0131.<br \/>\nCemile Ay\u00e7a Karag\u00fcl&#8217;\u00fcn manga tarz\u0131nda yaz\u0131p \u00e7izdi\u011fi \u00e7izgi roman ziyaret\u00e7ilerden tam not ald\u0131.<br \/>\n\u015eahika Ya\u011fmur Salman okumu\u015f oldu\u011fu bir kitab\u0131n 20 sayfal\u0131k \u00e7izgi roman\u0131n\u0131 yapt\u0131.<br \/>\nAyr\u0131ca sergide onlarca \u00f6\u011frencinin eserleri yer al\u0131yor.<br \/>\nYar\u0131n\u0131n \u00e7izgi romanc\u0131lar\u0131n\u0131 yeti\u015ftirdiklerini s\u00f6yleyen \u00c7izgi Roman Okulu kurucusu ve e\u011fitmeni Fehmi Demirba\u011f, gen\u00e7lerimizin sanat\u0131n her dal\u0131nda olmalar\u0131n\u0131 istediklerini, \u00f6zellikle yazma ve \u00e7izim sanatlar\u0131n\u0131 bir araya getiren \u00e7izgi roman e\u011fitimi ile ayn\u0131 zamanda sinema sanat\u0131n\u0131n da temel \u00e7al\u0131\u015fmalar\u0131n\u0131 ger\u00e7ekle\u015ftirdiklerini belirtti.<br \/>\nYabanc\u0131 \u00e7izgi romanlar\u0131n a\u011f\u0131rl\u0131\u011f\u0131n\u0131n T\u00fcrkiye&#8217;de \u00e7ok hissedildi\u011fine de\u011finen Demirba\u011f, kendi k\u00fclt\u00fcr\u00fcm\u00fczden beslenen, kendi kahramanlar\u0131m\u0131z\u0131n yer ald\u0131\u011f\u0131 eserlerin ortaya \u00e7\u0131kar\u0131lmas\u0131n\u0131n k\u00fclt\u00fcr\u00fcm\u00fcz\u00fcn korunmas\u0131 ve gelecek nesillere aktar\u0131lmas\u0131 ad\u0131na b\u00fcy\u00fck \u00f6nem ta\u015f\u0131d\u0131\u011f\u0131n\u0131 dile getirdi.<br \/>\nSergide tamam\u0131 renkli y\u00fczden fazla eser bulunuyor.<br \/>\nSergi 18 Eyl\u00fcl tarihine kadar Tuzla Rumeli K\u00fclt\u00fcr Merkezi&#8217;nde ziyaret edilebilir.<\/p>\n<p><a href=\"https:\/\/cizgiromanokulu.org\/cr\/wp-content\/uploads\/2022\/09\/cizgi-roman-okulu-sergisi-2022-tuzla-17-46-57.jpeg\"><img loading=\"lazy\" decoding=\"async\" class=\"alignnone wp-image-9606\" src=\"https:\/\/cizgiromanokulu.org\/cr\/wp-content\/uploads\/2022\/09\/cizgi-roman-okulu-sergisi-2022-tuzla-17-46-57-1024x768.jpeg\" alt=\"\" width=\"420\" height=\"315\" srcset=\"https:\/\/cizgiromanokulu.org\/cr\/wp-content\/uploads\/2022\/09\/cizgi-roman-okulu-sergisi-2022-tuzla-17-46-57-1024x768.jpeg 1024w, https:\/\/cizgiromanokulu.org\/cr\/wp-content\/uploads\/2022\/09\/cizgi-roman-okulu-sergisi-2022-tuzla-17-46-57-600x450.jpeg 600w, https:\/\/cizgiromanokulu.org\/cr\/wp-content\/uploads\/2022\/09\/cizgi-roman-okulu-sergisi-2022-tuzla-17-46-57-300x225.jpeg 300w, https:\/\/cizgiromanokulu.org\/cr\/wp-content\/uploads\/2022\/09\/cizgi-roman-okulu-sergisi-2022-tuzla-17-46-57-768x576.jpeg 768w, https:\/\/cizgiromanokulu.org\/cr\/wp-content\/uploads\/2022\/09\/cizgi-roman-okulu-sergisi-2022-tuzla-17-46-57-1536x1152.jpeg 1536w, https:\/\/cizgiromanokulu.org\/cr\/wp-content\/uploads\/2022\/09\/cizgi-roman-okulu-sergisi-2022-tuzla-17-46-57-624x468.jpeg 624w, https:\/\/cizgiromanokulu.org\/cr\/wp-content\/uploads\/2022\/09\/cizgi-roman-okulu-sergisi-2022-tuzla-17-46-57.jpeg 1600w\" sizes=\"auto, (max-width: 420px) 100vw, 420px\" \/><\/a> <a href=\"https:\/\/cizgiromanokulu.org\/cr\/wp-content\/uploads\/2022\/09\/cizgi-roman-okulu-sergisi-2022-tuzla-17-46-58.jpeg\"><img loading=\"lazy\" decoding=\"async\" class=\"alignnone wp-image-9607\" src=\"https:\/\/cizgiromanokulu.org\/cr\/wp-content\/uploads\/2022\/09\/cizgi-roman-okulu-sergisi-2022-tuzla-17-46-58-1024x768.jpeg\" alt=\"\" width=\"420\" height=\"315\" srcset=\"https:\/\/cizgiromanokulu.org\/cr\/wp-content\/uploads\/2022\/09\/cizgi-roman-okulu-sergisi-2022-tuzla-17-46-58-1024x768.jpeg 1024w, https:\/\/cizgiromanokulu.org\/cr\/wp-content\/uploads\/2022\/09\/cizgi-roman-okulu-sergisi-2022-tuzla-17-46-58-600x450.jpeg 600w, https:\/\/cizgiromanokulu.org\/cr\/wp-content\/uploads\/2022\/09\/cizgi-roman-okulu-sergisi-2022-tuzla-17-46-58-300x225.jpeg 300w, https:\/\/cizgiromanokulu.org\/cr\/wp-content\/uploads\/2022\/09\/cizgi-roman-okulu-sergisi-2022-tuzla-17-46-58-768x576.jpeg 768w, https:\/\/cizgiromanokulu.org\/cr\/wp-content\/uploads\/2022\/09\/cizgi-roman-okulu-sergisi-2022-tuzla-17-46-58-1536x1152.jpeg 1536w, https:\/\/cizgiromanokulu.org\/cr\/wp-content\/uploads\/2022\/09\/cizgi-roman-okulu-sergisi-2022-tuzla-17-46-58-624x468.jpeg 624w, https:\/\/cizgiromanokulu.org\/cr\/wp-content\/uploads\/2022\/09\/cizgi-roman-okulu-sergisi-2022-tuzla-17-46-58.jpeg 1600w\" sizes=\"auto, (max-width: 420px) 100vw, 420px\" \/><\/a><\/p>\n","protected":false},"excerpt":{"rendered":"<p>Be\u015finci y\u0131l\u0131na ula\u015fan T\u00fcrkiye&#8217;nin ilk ve tek \u00e7izgi roman okulu Tuzla Rumeli K\u00fclt\u00fcr Merkezi&#8217;nde 2021-2022 \u00f6\u011fretim y\u0131l\u0131 sergisini a\u00e7t\u0131. Serginin a\u00e7\u0131l\u0131\u015f\u0131n\u0131 Tuzla Belediye Ba\u015fkan yard\u0131mc\u0131s\u0131 Dr. Turgut \u00d6zcan yapt\u0131. \u00d6zcan sergiyi gezerek eserleri bulunan \u00f6\u011frencileri tebrik etti. Fehmi Demirba\u011f y\u00f6netimindeki \u00c7izgi Roman Okulu sergisinde 6 ya\u015f\u0131ndan 62 ya\u015f\u0131na kadar onlarca \u00f6\u011frencinin eseri yer al\u0131yor. \u00c7izgi [&hellip;]<\/p>\n","protected":false},"author":1,"featured_media":9608,"comment_status":"open","ping_status":"open","sticky":false,"template":"","format":"standard","meta":{"footnotes":""},"categories":[],"tags":[],"class_list":["post-9605","post","type-post","status-publish","format-standard","has-post-thumbnail","hentry"],"_links":{"self":[{"href":"https:\/\/cizgiromanokulu.org\/cr\/wp-json\/wp\/v2\/posts\/9605","targetHints":{"allow":["GET"]}}],"collection":[{"href":"https:\/\/cizgiromanokulu.org\/cr\/wp-json\/wp\/v2\/posts"}],"about":[{"href":"https:\/\/cizgiromanokulu.org\/cr\/wp-json\/wp\/v2\/types\/post"}],"author":[{"embeddable":true,"href":"https:\/\/cizgiromanokulu.org\/cr\/wp-json\/wp\/v2\/users\/1"}],"replies":[{"embeddable":true,"href":"https:\/\/cizgiromanokulu.org\/cr\/wp-json\/wp\/v2\/comments?post=9605"}],"version-history":[{"count":1,"href":"https:\/\/cizgiromanokulu.org\/cr\/wp-json\/wp\/v2\/posts\/9605\/revisions"}],"predecessor-version":[{"id":9609,"href":"https:\/\/cizgiromanokulu.org\/cr\/wp-json\/wp\/v2\/posts\/9605\/revisions\/9609"}],"wp:featuredmedia":[{"embeddable":true,"href":"https:\/\/cizgiromanokulu.org\/cr\/wp-json\/wp\/v2\/media\/9608"}],"wp:attachment":[{"href":"https:\/\/cizgiromanokulu.org\/cr\/wp-json\/wp\/v2\/media?parent=9605"}],"wp:term":[{"taxonomy":"category","embeddable":true,"href":"https:\/\/cizgiromanokulu.org\/cr\/wp-json\/wp\/v2\/categories?post=9605"},{"taxonomy":"post_tag","embeddable":true,"href":"https:\/\/cizgiromanokulu.org\/cr\/wp-json\/wp\/v2\/tags?post=9605"}],"curies":[{"name":"wp","href":"https:\/\/api.w.org\/{rel}","templated":true}]}}