{"id":9385,"date":"2022-07-23T13:01:48","date_gmt":"2022-07-23T10:01:48","guid":{"rendered":"http:\/\/cizgiromanokulu.org\/cr\/?p=9385"},"modified":"2022-07-23T13:01:48","modified_gmt":"2022-07-23T10:01:48","slug":"turkiyede-ilk-camide-cizgi-roman-okulu","status":"publish","type":"post","link":"https:\/\/cizgiromanokulu.org\/cr\/turkiyede-ilk-camide-cizgi-roman-okulu\/","title":{"rendered":"TURK\u0130YE&#8217;DE \u0130LK! CAM\u0130DE \u00c7\u0130ZG\u0130 ROMAN OKULU"},"content":{"rendered":"<p>\u00c7izgi Roman Okulu k\u00fc\u00e7\u00fck \u00f6\u011frencilere ula\u015fmaya devam ediyor.<\/p>\n<p>\u00c7izim yapman\u0131n yan\u0131nda te\u015fekk\u00fcr etmek, \u00f6z\u00fcr dilemek gibi erdemler \u00fczerine hikayelerin de yaz\u0131ld\u0131\u011f\u0131 \u00c7izgi Roman Okulu&#8217;nda \u00f6\u011frenciler \u00e7ok g\u00fczel eserler ortaya koyuyorlar Fehmi Dermiba\u011f y\u00f6netimindeki dersler 16 saat olup 3 hafta daha devam edecek. Dersler, Ba\u015fak\u015fehir&#8217;deki Medine M\u00fcdafii Fahreddin Pa\u015fa Camii&#8217;nde.<\/p>\n<div id=\"attachment_9389\" style=\"width: 628px\" class=\"wp-caption alignnone\"><img loading=\"lazy\" decoding=\"async\" aria-describedby=\"caption-attachment-9389\" class=\"wp-image-9389\" src=\"https:\/\/cizgiromanokulu.org\/cr\/wp-content\/uploads\/2022\/07\/cizgi-roman-okulu-camide-1.jpg\" alt=\"\u00c7izgi Roman Okulu\" width=\"618\" height=\"464\" srcset=\"https:\/\/cizgiromanokulu.org\/cr\/wp-content\/uploads\/2022\/07\/cizgi-roman-okulu-camide-1.jpg 2048w, https:\/\/cizgiromanokulu.org\/cr\/wp-content\/uploads\/2022\/07\/cizgi-roman-okulu-camide-1-600x450.jpg 600w, https:\/\/cizgiromanokulu.org\/cr\/wp-content\/uploads\/2022\/07\/cizgi-roman-okulu-camide-1-300x225.jpg 300w, https:\/\/cizgiromanokulu.org\/cr\/wp-content\/uploads\/2022\/07\/cizgi-roman-okulu-camide-1-1024x768.jpg 1024w, https:\/\/cizgiromanokulu.org\/cr\/wp-content\/uploads\/2022\/07\/cizgi-roman-okulu-camide-1-768x576.jpg 768w, https:\/\/cizgiromanokulu.org\/cr\/wp-content\/uploads\/2022\/07\/cizgi-roman-okulu-camide-1-1536x1152.jpg 1536w, https:\/\/cizgiromanokulu.org\/cr\/wp-content\/uploads\/2022\/07\/cizgi-roman-okulu-camide-1-624x468.jpg 624w\" sizes=\"auto, (max-width: 618px) 100vw, 618px\" \/><p id=\"caption-attachment-9389\" class=\"wp-caption-text\">\u00c7izgi Roman Okulu<\/p><\/div>\n<div id=\"attachment_9390\" style=\"width: 635px\" class=\"wp-caption alignnone\"><a href=\"https:\/\/cizgiromanokulu.org\/cr\/wp-content\/uploads\/2022\/07\/cizgi-roman-okulu-camide-2.jpg\"><img loading=\"lazy\" decoding=\"async\" aria-describedby=\"caption-attachment-9390\" class=\"wp-image-9390 size-large\" src=\"https:\/\/cizgiromanokulu.org\/cr\/wp-content\/uploads\/2022\/07\/cizgi-roman-okulu-camide-2-1024x768.jpg\" alt=\"\u00c7izgi Roman Okulu\" width=\"625\" height=\"469\" srcset=\"https:\/\/cizgiromanokulu.org\/cr\/wp-content\/uploads\/2022\/07\/cizgi-roman-okulu-camide-2-1024x768.jpg 1024w, https:\/\/cizgiromanokulu.org\/cr\/wp-content\/uploads\/2022\/07\/cizgi-roman-okulu-camide-2-600x450.jpg 600w, https:\/\/cizgiromanokulu.org\/cr\/wp-content\/uploads\/2022\/07\/cizgi-roman-okulu-camide-2-300x225.jpg 300w, https:\/\/cizgiromanokulu.org\/cr\/wp-content\/uploads\/2022\/07\/cizgi-roman-okulu-camide-2-768x576.jpg 768w, https:\/\/cizgiromanokulu.org\/cr\/wp-content\/uploads\/2022\/07\/cizgi-roman-okulu-camide-2-1536x1152.jpg 1536w, https:\/\/cizgiromanokulu.org\/cr\/wp-content\/uploads\/2022\/07\/cizgi-roman-okulu-camide-2-624x468.jpg 624w, https:\/\/cizgiromanokulu.org\/cr\/wp-content\/uploads\/2022\/07\/cizgi-roman-okulu-camide-2.jpg 2048w\" sizes=\"auto, (max-width: 625px) 100vw, 625px\" \/><\/a><p id=\"caption-attachment-9390\" class=\"wp-caption-text\">\u00c7izgi Roman Okulu<\/p><\/div>\n<p>[embedyt] https:\/\/www.youtube.com\/watch?v=rZz_Ie_H18w[\/embedyt]<\/p>\n","protected":false},"excerpt":{"rendered":"<p>\u00c7izgi Roman Okulu k\u00fc\u00e7\u00fck \u00f6\u011frencilere ula\u015fmaya devam ediyor. \u00c7izim yapman\u0131n yan\u0131nda te\u015fekk\u00fcr etmek, \u00f6z\u00fcr dilemek gibi erdemler \u00fczerine hikayelerin de yaz\u0131ld\u0131\u011f\u0131 \u00c7izgi Roman Okulu&#8217;nda \u00f6\u011frenciler \u00e7ok g\u00fczel eserler ortaya koyuyorlar Fehmi Dermiba\u011f y\u00f6netimindeki dersler 16 saat olup 3 hafta daha devam edecek. Dersler, Ba\u015fak\u015fehir&#8217;deki Medine M\u00fcdafii Fahreddin Pa\u015fa Camii&#8217;nde. [embedyt] https:\/\/www.youtube.com\/watch?v=rZz_Ie_H18w[\/embedyt]<\/p>\n","protected":false},"author":1,"featured_media":9390,"comment_status":"open","ping_status":"open","sticky":false,"template":"","format":"standard","meta":{"footnotes":""},"categories":[],"tags":[],"class_list":["post-9385","post","type-post","status-publish","format-standard","has-post-thumbnail","hentry"],"_links":{"self":[{"href":"https:\/\/cizgiromanokulu.org\/cr\/wp-json\/wp\/v2\/posts\/9385","targetHints":{"allow":["GET"]}}],"collection":[{"href":"https:\/\/cizgiromanokulu.org\/cr\/wp-json\/wp\/v2\/posts"}],"about":[{"href":"https:\/\/cizgiromanokulu.org\/cr\/wp-json\/wp\/v2\/types\/post"}],"author":[{"embeddable":true,"href":"https:\/\/cizgiromanokulu.org\/cr\/wp-json\/wp\/v2\/users\/1"}],"replies":[{"embeddable":true,"href":"https:\/\/cizgiromanokulu.org\/cr\/wp-json\/wp\/v2\/comments?post=9385"}],"version-history":[{"count":4,"href":"https:\/\/cizgiromanokulu.org\/cr\/wp-json\/wp\/v2\/posts\/9385\/revisions"}],"predecessor-version":[{"id":9395,"href":"https:\/\/cizgiromanokulu.org\/cr\/wp-json\/wp\/v2\/posts\/9385\/revisions\/9395"}],"wp:featuredmedia":[{"embeddable":true,"href":"https:\/\/cizgiromanokulu.org\/cr\/wp-json\/wp\/v2\/media\/9390"}],"wp:attachment":[{"href":"https:\/\/cizgiromanokulu.org\/cr\/wp-json\/wp\/v2\/media?parent=9385"}],"wp:term":[{"taxonomy":"category","embeddable":true,"href":"https:\/\/cizgiromanokulu.org\/cr\/wp-json\/wp\/v2\/categories?post=9385"},{"taxonomy":"post_tag","embeddable":true,"href":"https:\/\/cizgiromanokulu.org\/cr\/wp-json\/wp\/v2\/tags?post=9385"}],"curies":[{"name":"wp","href":"https:\/\/api.w.org\/{rel}","templated":true}]}}