{"id":3800,"date":"2019-07-04T23:48:36","date_gmt":"2019-07-04T20:48:36","guid":{"rendered":"http:\/\/cizgiromanokulu.org\/cr\/?p=3800"},"modified":"2019-07-04T23:54:44","modified_gmt":"2019-07-04T20:54:44","slug":"cizgi-roman-okulu-yeni-safak-gazetesinde","status":"publish","type":"post","link":"https:\/\/cizgiromanokulu.org\/cr\/cizgi-roman-okulu-yeni-safak-gazetesinde\/","title":{"rendered":"\u00c7izgi Roman Okulu Yeni \u015eafak Gazetesinde"},"content":{"rendered":"<h4 class=\"spot\" style=\"text-align: left;\">&#8220;T\u00fcrkiye\u2019nin ilk \u00c7izgi Roman Okulu, Sancaktepe\u2019de faaliyete ge\u00e7iyor. Gen\u00e7lerin milli ve manevi duygular\u0131n\u0131 peki\u015ftirmek i\u00e7in bir dizi \u00e7al\u0131\u015fmaya imza atan Yazar Fehmi Demirba\u011f y\u00f6netimindeki okulla birlikte \u00e7izgi roman k\u00fclt\u00fcr\u00fc yeniden canlanacak.&#8221;<\/h4>\n<p>Haberi Okuyun:<\/p>\n<p><a href=\"https:\/\/www.yenisafak.com\/gundem\/turkiyenin-ilkcizgi-roman-okulu-2991963\">https:\/\/www.yenisafak.com\/gundem\/turkiyenin-ilkcizgi-roman-okulu-2991963<\/a><\/p>\n","protected":false},"excerpt":{"rendered":"<p>&#8220;T\u00fcrkiye\u2019nin ilk \u00c7izgi Roman Okulu, Sancaktepe\u2019de faaliyete ge\u00e7iyor. Gen\u00e7lerin milli ve manevi duygular\u0131n\u0131 peki\u015ftirmek i\u00e7in bir dizi \u00e7al\u0131\u015fmaya imza atan Yazar Fehmi Demirba\u011f y\u00f6netimindeki okulla birlikte \u00e7izgi roman k\u00fclt\u00fcr\u00fc yeniden canlanacak.&#8221; Haberi Okuyun: https:\/\/www.yenisafak.com\/gundem\/turkiyenin-ilkcizgi-roman-okulu-2991963<\/p>\n","protected":false},"author":1,"featured_media":3801,"comment_status":"open","ping_status":"open","sticky":false,"template":"","format":"standard","meta":{"footnotes":""},"categories":[],"tags":[],"class_list":["post-3800","post","type-post","status-publish","format-standard","has-post-thumbnail","hentry"],"_links":{"self":[{"href":"https:\/\/cizgiromanokulu.org\/cr\/wp-json\/wp\/v2\/posts\/3800","targetHints":{"allow":["GET"]}}],"collection":[{"href":"https:\/\/cizgiromanokulu.org\/cr\/wp-json\/wp\/v2\/posts"}],"about":[{"href":"https:\/\/cizgiromanokulu.org\/cr\/wp-json\/wp\/v2\/types\/post"}],"author":[{"embeddable":true,"href":"https:\/\/cizgiromanokulu.org\/cr\/wp-json\/wp\/v2\/users\/1"}],"replies":[{"embeddable":true,"href":"https:\/\/cizgiromanokulu.org\/cr\/wp-json\/wp\/v2\/comments?post=3800"}],"version-history":[{"count":2,"href":"https:\/\/cizgiromanokulu.org\/cr\/wp-json\/wp\/v2\/posts\/3800\/revisions"}],"predecessor-version":[{"id":3809,"href":"https:\/\/cizgiromanokulu.org\/cr\/wp-json\/wp\/v2\/posts\/3800\/revisions\/3809"}],"wp:featuredmedia":[{"embeddable":true,"href":"https:\/\/cizgiromanokulu.org\/cr\/wp-json\/wp\/v2\/media\/3801"}],"wp:attachment":[{"href":"https:\/\/cizgiromanokulu.org\/cr\/wp-json\/wp\/v2\/media?parent=3800"}],"wp:term":[{"taxonomy":"category","embeddable":true,"href":"https:\/\/cizgiromanokulu.org\/cr\/wp-json\/wp\/v2\/categories?post=3800"},{"taxonomy":"post_tag","embeddable":true,"href":"https:\/\/cizgiromanokulu.org\/cr\/wp-json\/wp\/v2\/tags?post=3800"}],"curies":[{"name":"wp","href":"https:\/\/api.w.org\/{rel}","templated":true}]}}