{"id":3487,"date":"2019-02-23T16:25:18","date_gmt":"2019-02-23T13:25:18","guid":{"rendered":"http:\/\/cizgiromanokulu.org\/cr\/?p=3487"},"modified":"2019-02-23T16:25:18","modified_gmt":"2019-02-23T13:25:18","slug":"cizgi-roman-okulu-ibb-bunyesinde-fatihte-aciliyor","status":"publish","type":"post","link":"https:\/\/cizgiromanokulu.org\/cr\/cizgi-roman-okulu-ibb-bunyesinde-fatihte-aciliyor\/","title":{"rendered":"\u00c7izgi Roman Okulu \u0130BB B\u00fcnyesinde Fatih&#8217;te A\u00e7\u0131l\u0131yor!"},"content":{"rendered":"<p>\u00c7izgi Roman Okulu 3 Mart 2019 tarihinden itibaren Fatih&#8217;de! Sancaktepe ve Tuzla&#8217;dan sonra \u015fimdi de Fatih de e\u011fitimlerine ba\u015flayacak olan \u00c7izgi Roman Okulunda, Fehmi Demirba\u011f&#8217;\u0131n y\u00f6netiminde, Nedim Polat, \u0130smail \u00d6zen ve Ahmet Ziya Sekendiz&#8217;in e\u011fitimcili\u011fini yap\u0131yor. Her pazar 10:00-14:00 ve 14:00-18:00 aras\u0131 iki grup \u00f6\u011frenci ile \u00e7izgi roman \u00e7al\u0131\u015fmalar\u0131 yapacak olan \u00c7izgi Roman Okulunda e\u011fitim sonras\u0131 ba\u015far\u0131l\u0131 \u00f6\u011frenciler sertifika alacak. Ayr\u0131ca yine ba\u015far\u0131l\u0131 \u00f6\u011frencilerin \u00e7al\u0131\u015fmalar\u0131n\u0131 i\u00e7eren alb\u00fcm bas\u0131larak halk\u0131m\u0131z\u0131n be\u011fenisine sunulacak. \u00c7izgi Roman Okulu kendi \u00e7izgi roman kahraman\u0131n\u0131 olu\u015fturmak isteyen herkesi bekliyor.<\/p>\n","protected":false},"excerpt":{"rendered":"<p>\u00c7izgi Roman Okulu 3 Mart 2019 tarihinden itibaren Fatih&#8217;de! Sancaktepe ve Tuzla&#8217;dan sonra \u015fimdi de Fatih de e\u011fitimlerine ba\u015flayacak olan \u00c7izgi Roman Okulunda, Fehmi Demirba\u011f&#8217;\u0131n y\u00f6netiminde, Nedim Polat, \u0130smail \u00d6zen ve Ahmet Ziya Sekendiz&#8217;in e\u011fitimcili\u011fini yap\u0131yor. Her pazar 10:00-14:00 ve 14:00-18:00 aras\u0131 iki grup \u00f6\u011frenci ile \u00e7izgi roman \u00e7al\u0131\u015fmalar\u0131 yapacak olan \u00c7izgi Roman Okulunda e\u011fitim [&hellip;]<\/p>\n","protected":false},"author":1,"featured_media":3488,"comment_status":"open","ping_status":"open","sticky":false,"template":"","format":"standard","meta":{"footnotes":""},"categories":[],"tags":[],"class_list":["post-3487","post","type-post","status-publish","format-standard","has-post-thumbnail","hentry"],"_links":{"self":[{"href":"https:\/\/cizgiromanokulu.org\/cr\/wp-json\/wp\/v2\/posts\/3487","targetHints":{"allow":["GET"]}}],"collection":[{"href":"https:\/\/cizgiromanokulu.org\/cr\/wp-json\/wp\/v2\/posts"}],"about":[{"href":"https:\/\/cizgiromanokulu.org\/cr\/wp-json\/wp\/v2\/types\/post"}],"author":[{"embeddable":true,"href":"https:\/\/cizgiromanokulu.org\/cr\/wp-json\/wp\/v2\/users\/1"}],"replies":[{"embeddable":true,"href":"https:\/\/cizgiromanokulu.org\/cr\/wp-json\/wp\/v2\/comments?post=3487"}],"version-history":[{"count":1,"href":"https:\/\/cizgiromanokulu.org\/cr\/wp-json\/wp\/v2\/posts\/3487\/revisions"}],"predecessor-version":[{"id":3489,"href":"https:\/\/cizgiromanokulu.org\/cr\/wp-json\/wp\/v2\/posts\/3487\/revisions\/3489"}],"wp:featuredmedia":[{"embeddable":true,"href":"https:\/\/cizgiromanokulu.org\/cr\/wp-json\/wp\/v2\/media\/3488"}],"wp:attachment":[{"href":"https:\/\/cizgiromanokulu.org\/cr\/wp-json\/wp\/v2\/media?parent=3487"}],"wp:term":[{"taxonomy":"category","embeddable":true,"href":"https:\/\/cizgiromanokulu.org\/cr\/wp-json\/wp\/v2\/categories?post=3487"},{"taxonomy":"post_tag","embeddable":true,"href":"https:\/\/cizgiromanokulu.org\/cr\/wp-json\/wp\/v2\/tags?post=3487"}],"curies":[{"name":"wp","href":"https:\/\/api.w.org\/{rel}","templated":true}]}}