{"id":15780,"date":"2025-11-01T15:54:47","date_gmt":"2025-11-01T12:54:47","guid":{"rendered":"https:\/\/cizgiromanokulu.org\/cr\/?p=15780"},"modified":"2025-11-01T15:57:28","modified_gmt":"2025-11-01T12:57:28","slug":"rami-kutuphanesinde-2024-yili-cizgi-roman-okulu-sergisi-yapildi","status":"publish","type":"post","link":"https:\/\/cizgiromanokulu.org\/cr\/rami-kutuphanesinde-2024-yili-cizgi-roman-okulu-sergisi-yapildi\/","title":{"rendered":"Rami K\u00fct\u00fcphanesinde 2025 Y\u0131l\u0131 \u00c7izgi Roman Okulu Sergisi Yap\u0131ld\u0131"},"content":{"rendered":"<p><a href=\"https:\/\/cizgiromanokulu.org\/cr\/wp-content\/uploads\/2025\/11\/rami_kutuphanesinde_cizgi_roman.jpg\"><img loading=\"lazy\" decoding=\"async\" class=\"size-medium wp-image-15781 alignleft\" src=\"https:\/\/cizgiromanokulu.org\/cr\/wp-content\/uploads\/2025\/11\/rami_kutuphanesinde_cizgi_roman-300x169.jpg\" alt=\"\" width=\"300\" height=\"169\" srcset=\"https:\/\/cizgiromanokulu.org\/cr\/wp-content\/uploads\/2025\/11\/rami_kutuphanesinde_cizgi_roman-300x169.jpg 300w, https:\/\/cizgiromanokulu.org\/cr\/wp-content\/uploads\/2025\/11\/rami_kutuphanesinde_cizgi_roman-1024x576.jpg 1024w, https:\/\/cizgiromanokulu.org\/cr\/wp-content\/uploads\/2025\/11\/rami_kutuphanesinde_cizgi_roman-768x432.jpg 768w, https:\/\/cizgiromanokulu.org\/cr\/wp-content\/uploads\/2025\/11\/rami_kutuphanesinde_cizgi_roman-624x351.jpg 624w, https:\/\/cizgiromanokulu.org\/cr\/wp-content\/uploads\/2025\/11\/rami_kutuphanesinde_cizgi_roman-600x338.jpg 600w, https:\/\/cizgiromanokulu.org\/cr\/wp-content\/uploads\/2025\/11\/rami_kutuphanesinde_cizgi_roman.jpg 1280w\" sizes=\"auto, (max-width: 300px) 100vw, 300px\" \/><\/a>\u0130stanbul \u0130l Mill\u00ee E\u011fitim M\u00fcd\u00fcrl\u00fc\u011f\u00fc, \u00d6\u011fretmen Akademileri ve Rami K\u00fct\u00fcphanesi i\u015f birli\u011fiyle Rami K\u00fct\u00fcphanesi\u2019nde ger\u00e7ekle\u015ftirilen \u201c\u00c7izgi Roman Okulu Sanat Etkinli\u011fi\u201d, Fehmi Demirba\u011f\u2019\u0131n \u00f6nc\u00fcl\u00fc\u011f\u00fcnde gen\u00e7lere \u00e7izim tekni\u011finin \u00f6tesinde estetik, ahlak ve maneviyat temelli bir sanat anlay\u0131\u015f\u0131 kazand\u0131rmay\u0131 ama\u00e7lad\u0131; \u00f6\u011frenciler y\u0131l boyunca \u00fcrettikleri eserleri sergilerken 280 sayfal\u0131k \u00f6zel bir \u00e7izgi roman kitab\u0131 tan\u0131t\u0131ld\u0131. A\u00e7\u0131l\u0131\u015f \u0130stiklal Mar\u015f\u0131\u2019yla yap\u0131l\u0131rken Demirba\u011f \u201cBir \u00e7izgi niyetle \u00e7izildi\u011finde ibadet olur\u201d ve \u201cSanat g\u00f6zle de\u011fil, g\u00f6n\u00fclle g\u00f6r\u00fcl\u00fcr\u201d s\u00f6zleriyle sanat\u0131n ruh boyutuna dikkat \u00e7ekti. E\u011fitmenler Mehmet Nedim Polat ve Ahmet Ziya Sekendiz, \u00e7izginin tekni\u011fi kadar sanat ahlak\u0131 ve tevazuyu da \u00f6\u011frettiklerini vurgulad\u0131. \u00d6\u011frenci Ahsennur Yaz\u0131c\u0131\u2019n\u0131n \u201cS\u0131rlar K\u00fct\u00fcphanesi\u201d eserinin \u00e7izgi filme uyarlanmas\u0131 duyuruldu; y\u00f6netmen Murat \u0130slam Demirba\u011f her d\u00f6nem bir \u00f6\u011frencinin eserinin filme d\u00f6n\u00fc\u015ft\u00fcr\u00fclece\u011fini a\u00e7\u0131klad\u0131. Rami K\u00fct\u00fcphanesi M\u00fcd\u00fcr\u00fc Ali \u00c7elik, gen\u00e7lerin kaleminin medeniyetin ruhunu ta\u015f\u0131d\u0131\u011f\u0131n\u0131 belirtti; etkinlik k\u00fct\u00fcphaneyi sanat ile duan\u0131n bulu\u015ftu\u011fu bir \u201cg\u00f6n\u00fcl mektebi\u201dne d\u00f6n\u00fc\u015ft\u00fcrd\u00fc.<\/p>\n<p>Kaynak: <a href=\"https:\/\/www.haber7.com\/kultur\/haber\/3575010-rami-kutuphanesinde-cizgi-roman-okulu-sanat-etkinligi-gerceklestirildi\">https:\/\/www.haber7.com\/kultur\/haber\/3575010-rami-kutuphanesinde-cizgi-roman-okulu-sanat-etkinligi-gerceklestirildi<\/a><\/p>\n<p>&nbsp;<\/p>\n","protected":false},"excerpt":{"rendered":"<p>\u0130stanbul \u0130l Mill\u00ee E\u011fitim M\u00fcd\u00fcrl\u00fc\u011f\u00fc, \u00d6\u011fretmen Akademileri ve Rami K\u00fct\u00fcphanesi i\u015f birli\u011fiyle Rami K\u00fct\u00fcphanesi\u2019nde ger\u00e7ekle\u015ftirilen \u201c\u00c7izgi Roman Okulu Sanat Etkinli\u011fi\u201d, Fehmi Demirba\u011f\u2019\u0131n \u00f6nc\u00fcl\u00fc\u011f\u00fcnde gen\u00e7lere \u00e7izim tekni\u011finin \u00f6tesinde estetik, ahlak ve maneviyat temelli bir sanat anlay\u0131\u015f\u0131 kazand\u0131rmay\u0131 ama\u00e7lad\u0131; \u00f6\u011frenciler y\u0131l boyunca \u00fcrettikleri eserleri sergilerken 280 sayfal\u0131k \u00f6zel bir \u00e7izgi roman kitab\u0131 tan\u0131t\u0131ld\u0131. A\u00e7\u0131l\u0131\u015f \u0130stiklal Mar\u015f\u0131\u2019yla yap\u0131l\u0131rken [&hellip;]<\/p>\n","protected":false},"author":1,"featured_media":15781,"comment_status":"open","ping_status":"open","sticky":false,"template":"","format":"standard","meta":{"footnotes":""},"categories":[1],"tags":[],"class_list":["post-15780","post","type-post","status-publish","format-standard","has-post-thumbnail","hentry","category-genel"],"_links":{"self":[{"href":"https:\/\/cizgiromanokulu.org\/cr\/wp-json\/wp\/v2\/posts\/15780","targetHints":{"allow":["GET"]}}],"collection":[{"href":"https:\/\/cizgiromanokulu.org\/cr\/wp-json\/wp\/v2\/posts"}],"about":[{"href":"https:\/\/cizgiromanokulu.org\/cr\/wp-json\/wp\/v2\/types\/post"}],"author":[{"embeddable":true,"href":"https:\/\/cizgiromanokulu.org\/cr\/wp-json\/wp\/v2\/users\/1"}],"replies":[{"embeddable":true,"href":"https:\/\/cizgiromanokulu.org\/cr\/wp-json\/wp\/v2\/comments?post=15780"}],"version-history":[{"count":3,"href":"https:\/\/cizgiromanokulu.org\/cr\/wp-json\/wp\/v2\/posts\/15780\/revisions"}],"predecessor-version":[{"id":15784,"href":"https:\/\/cizgiromanokulu.org\/cr\/wp-json\/wp\/v2\/posts\/15780\/revisions\/15784"}],"wp:featuredmedia":[{"embeddable":true,"href":"https:\/\/cizgiromanokulu.org\/cr\/wp-json\/wp\/v2\/media\/15781"}],"wp:attachment":[{"href":"https:\/\/cizgiromanokulu.org\/cr\/wp-json\/wp\/v2\/media?parent=15780"}],"wp:term":[{"taxonomy":"category","embeddable":true,"href":"https:\/\/cizgiromanokulu.org\/cr\/wp-json\/wp\/v2\/categories?post=15780"},{"taxonomy":"post_tag","embeddable":true,"href":"https:\/\/cizgiromanokulu.org\/cr\/wp-json\/wp\/v2\/tags?post=15780"}],"curies":[{"name":"wp","href":"https:\/\/api.w.org\/{rel}","templated":true}]}}