{"id":15767,"date":"2025-06-14T18:51:04","date_gmt":"2025-06-14T15:51:04","guid":{"rendered":"https:\/\/cizgiromanokulu.org\/cr\/?p=15767"},"modified":"2025-06-14T18:54:10","modified_gmt":"2025-06-14T15:54:10","slug":"cizgi-roman-okulumuzdan-ornek-bir-calisma-daha","status":"publish","type":"post","link":"https:\/\/cizgiromanokulu.org\/cr\/cizgi-roman-okulumuzdan-ornek-bir-calisma-daha\/","title":{"rendered":"\u00c7izgi roman okulumuzdan \u00f6rnek bir \u00e7al\u0131\u015fma daha!"},"content":{"rendered":"<p><a href=\"https:\/\/cizgiromanokulu.org\/cr\/wp-content\/uploads\/2025\/06\/684bed5f9667559e40346501.webp\"><img loading=\"lazy\" decoding=\"async\" class=\"size-medium wp-image-15768 alignleft\" src=\"https:\/\/cizgiromanokulu.org\/cr\/wp-content\/uploads\/2025\/06\/684bed5f9667559e40346501-300x165.webp\" alt=\"\" width=\"300\" height=\"165\" srcset=\"https:\/\/cizgiromanokulu.org\/cr\/wp-content\/uploads\/2025\/06\/684bed5f9667559e40346501-300x165.webp 300w, https:\/\/cizgiromanokulu.org\/cr\/wp-content\/uploads\/2025\/06\/684bed5f9667559e40346501-768x422.webp 768w, https:\/\/cizgiromanokulu.org\/cr\/wp-content\/uploads\/2025\/06\/684bed5f9667559e40346501-624x343.webp 624w, https:\/\/cizgiromanokulu.org\/cr\/wp-content\/uploads\/2025\/06\/684bed5f9667559e40346501-600x329.webp 600w, https:\/\/cizgiromanokulu.org\/cr\/wp-content\/uploads\/2025\/06\/684bed5f9667559e40346501.webp 869w\" sizes=\"auto, (max-width: 300px) 100vw, 300px\" \/><\/a>Ba\u011fc\u0131lar Belediyesi sponsorlu\u011funda Ba\u011fc\u0131lar Hikmet Barut\u00e7ugil G\u00fczel Sanatlar Lisesinde iki y\u0131ld\u0131r verilen \u00e7izgi roman e\u011fitimleri meyvesini verdi Fehmi Demirba\u011f taraf\u0131ndan verilen e\u011fitim g\u00fczel sanatlar liseleri aras\u0131nda yap\u0131lan \u00e7izgi roman yar\u0131\u015fmas\u0131nda d\u00f6rt ayr\u0131 \u00e7al\u0131\u015fmayla dereceye girdi.<\/p>\n<p>&#8220;Destanlar\u0131m\u0131 \u00c7iziyorum \u00c7izgi Roman Yar\u0131\u015fmas\u0131 \u00d6d\u00fcl T\u00f6reni,&#8221; Bakan Yard\u0131mc\u0131m\u0131z Say\u0131n \u00d6mer Faruk YELKENC\u0130&#8217;nin te\u015frifleriyle Ankara&#8217;da Anadolu Medeniyetleri M\u00fczesinde ger\u00e7ekle\u015fti.<\/p>\n<p>A\u00e7\u0131\u015f konu\u015fmas\u0131nda Bakan Yard\u0131mc\u0131m\u0131z Say\u0131n \u00d6mer Faruk YELKENC\u0130, &#8220;Oku-Yorum, Yaz\u0131-Yorum&#8221; ve benzeri projelerin \u00f6nemine de\u011finerek, bu projede \u00f6\u011frencilerimizin kaleminden \u00e7\u0131kan \u00f6zg\u00fcn \u00e7al\u0131\u015fmalar\u0131n, T\u00fcrkiye Y\u00fczy\u0131l\u0131 Maarif Modeli&#8217;nin hedefledi\u011fi; d\u00fc\u015f\u00fcnen, \u00fcreten, k\u00f6kleriyle bar\u0131\u015f\u0131k ve evrensel de\u011ferlere sahip birey profilinin olu\u015fmas\u0131na \u00f6nemli katk\u0131lar sundu\u011funu belirtti. Bakan Yard\u0131mc\u0131m\u0131z YELKENC\u0130, gen\u00e7lerimizin topraklar\u0131m\u0131z\u0131n s\u00f6zl\u00fc ve yaz\u0131l\u0131 k\u00fclt\u00fcr miras\u0131n\u0131n ta\u015f\u0131y\u0131c\u0131lar\u0131 oldu\u011funu vurgularken, bu projeye eme\u011fi ge\u00e7en t\u00fcm akademisyen, \u00f6\u011fretmen ve \u00f6\u011frencilerimize te\u015fekk\u00fcr etti.<\/p>\n<p>&#8220;K\u00fclt\u00fcr\u00fcm\u00fcz\u00fcn derin k\u00f6klerinden beslenen s\u00f6zl\u00fc ve yaz\u0131l\u0131 miras\u0131m\u0131z, tarih\u00ee bir de\u011fer olman\u0131n yan\u0131nda toplumsal haf\u0131zam\u0131z\u0131n ta\u015f\u0131y\u0131c\u0131s\u0131 ve kimli\u011fimizin temel yap\u0131 ta\u015flar\u0131ndan biridir.&#8221; diyen Say\u0131n Bakan Yard\u0131mc\u0131m\u0131z, O\u011fuz Ka\u011fan, Ergenekon, G\u00f6\u00e7, Manas, Satuk Bu\u011fra Han ve Battal Gazi destanlar\u0131n\u0131n k\u00fclt\u00fcr aktar\u0131m kuram\u0131 ve k\u00fclt\u00fcrel kimlik a\u00e7\u0131s\u0131ndan \u00e7ok de\u011ferli kaynaklar oldu\u011funu belirtti.<\/p>\n<p>Destanlar\u0131n sadece ge\u00e7mi\u015fin de\u011fil, bug\u00fcn\u00fcn ve yar\u0131n\u0131n da s\u00f6z\u00fc oldu\u011funu ifade eden Bakan Yard\u0131mc\u0131m\u0131z Say\u0131n \u00d6mer Faruk YELKENC\u0130, \u00f6\u011frencilerin bu s\u00f6zleri bug\u00fcn\u00fcn diliyle yeniden yorumlay\u0131p gelece\u011fe ta\u015f\u0131yacaklar\u0131n\u0131 vurgulad\u0131. &#8220;Yazd\u0131\u011f\u0131n\u0131z her hik\u00e2ye, kurdu\u011funuz her c\u00fcmle, \u00e7izdi\u011finiz her sahne, milletimizin k\u00fclt\u00fcr atlas\u0131na de\u011ferli bir iz b\u0131rakacakt\u0131r.&#8221; dedi.<a href=\"https:\/\/cizgiromanokulu.org\/cr\/wp-content\/uploads\/2025\/06\/03101958_ogm_mansethabertasarim96.jpg\"><img loading=\"lazy\" decoding=\"async\" class=\"size-medium wp-image-15769 alignleft\" src=\"https:\/\/cizgiromanokulu.org\/cr\/wp-content\/uploads\/2025\/06\/03101958_ogm_mansethabertasarim96-300x169.jpg\" alt=\"\" width=\"300\" height=\"169\" srcset=\"https:\/\/cizgiromanokulu.org\/cr\/wp-content\/uploads\/2025\/06\/03101958_ogm_mansethabertasarim96-300x169.jpg 300w, https:\/\/cizgiromanokulu.org\/cr\/wp-content\/uploads\/2025\/06\/03101958_ogm_mansethabertasarim96-1024x577.jpg 1024w, https:\/\/cizgiromanokulu.org\/cr\/wp-content\/uploads\/2025\/06\/03101958_ogm_mansethabertasarim96-768x433.jpg 768w, https:\/\/cizgiromanokulu.org\/cr\/wp-content\/uploads\/2025\/06\/03101958_ogm_mansethabertasarim96-624x352.jpg 624w, https:\/\/cizgiromanokulu.org\/cr\/wp-content\/uploads\/2025\/06\/03101958_ogm_mansethabertasarim96-600x338.jpg 600w, https:\/\/cizgiromanokulu.org\/cr\/wp-content\/uploads\/2025\/06\/03101958_ogm_mansethabertasarim96.jpg 1090w\" sizes=\"auto, (max-width: 300px) 100vw, 300px\" \/><\/a><\/p>\n<p>&#8220;Destanlar\u0131m\u0131 \u00c7iziyorum&#8221; \u00e7izgi roman yar\u0131\u015fmas\u0131n\u0131n gen\u00e7lerin g\u00f6rsel anlat\u0131m becerilerini ortaya \u00e7\u0131kar\u0131p, k\u00fclt\u00fcr\u00fcm\u00fcze ait hik\u00e2yeleri \u00e7a\u011fda\u015f bir bi\u00e7imde yorumlamalar\u0131n\u0131 sa\u011flad\u0131\u011f\u0131n\u0131 ifade eden Yelkenci, gen\u00e7 sanat\u00e7\u0131lara ba\u015far\u0131lar diledi.<\/p>\n<p>G\u00fczel sanatlar liselerinde \u00f6\u011frenim g\u00f6ren \u00f6\u011frenciler i\u00e7in d\u00fczenlenen &#8220;Destanlar\u0131m\u0131 \u00c7iziyorum&#8221; \u00e7izgi roman yar\u0131\u015fmas\u0131na ise 51 eser ula\u015ft\u0131. Bu eserler aras\u0131nda O\u011fuz Ka\u011fan, Ergenekon, G\u00f6\u00e7, Manas, Satuk Bu\u011fra Han ve Battal Gazi Destanlar\u0131n\u0131 konu alan \u00e7izgi romanlar yer ald\u0131. Bu kapsamda 12 \u00f6\u011frencimiz Ankara&#8217;ya davet edildi.<br \/>\nAnkara&#8217;ya davet edilen \u00f6\u011frencilerin d\u00f6rd\u00fc Hikmet barut\u00e7ugil G\u00fczel Sanatlar\u00a0Lisesi&#8217;nden.<\/p>\n","protected":false},"excerpt":{"rendered":"<p>Ba\u011fc\u0131lar Belediyesi sponsorlu\u011funda Ba\u011fc\u0131lar Hikmet Barut\u00e7ugil G\u00fczel Sanatlar Lisesinde iki y\u0131ld\u0131r verilen \u00e7izgi roman e\u011fitimleri meyvesini verdi Fehmi Demirba\u011f taraf\u0131ndan verilen e\u011fitim g\u00fczel sanatlar liseleri aras\u0131nda yap\u0131lan \u00e7izgi roman yar\u0131\u015fmas\u0131nda d\u00f6rt ayr\u0131 \u00e7al\u0131\u015fmayla dereceye girdi. &#8220;Destanlar\u0131m\u0131 \u00c7iziyorum \u00c7izgi Roman Yar\u0131\u015fmas\u0131 \u00d6d\u00fcl T\u00f6reni,&#8221; Bakan Yard\u0131mc\u0131m\u0131z Say\u0131n \u00d6mer Faruk YELKENC\u0130&#8217;nin te\u015frifleriyle Ankara&#8217;da Anadolu Medeniyetleri M\u00fczesinde ger\u00e7ekle\u015fti. A\u00e7\u0131\u015f [&hellip;]<\/p>\n","protected":false},"author":1,"featured_media":15768,"comment_status":"open","ping_status":"open","sticky":false,"template":"","format":"standard","meta":{"footnotes":""},"categories":[1],"tags":[],"class_list":["post-15767","post","type-post","status-publish","format-standard","has-post-thumbnail","hentry","category-genel"],"_links":{"self":[{"href":"https:\/\/cizgiromanokulu.org\/cr\/wp-json\/wp\/v2\/posts\/15767","targetHints":{"allow":["GET"]}}],"collection":[{"href":"https:\/\/cizgiromanokulu.org\/cr\/wp-json\/wp\/v2\/posts"}],"about":[{"href":"https:\/\/cizgiromanokulu.org\/cr\/wp-json\/wp\/v2\/types\/post"}],"author":[{"embeddable":true,"href":"https:\/\/cizgiromanokulu.org\/cr\/wp-json\/wp\/v2\/users\/1"}],"replies":[{"embeddable":true,"href":"https:\/\/cizgiromanokulu.org\/cr\/wp-json\/wp\/v2\/comments?post=15767"}],"version-history":[{"count":1,"href":"https:\/\/cizgiromanokulu.org\/cr\/wp-json\/wp\/v2\/posts\/15767\/revisions"}],"predecessor-version":[{"id":15770,"href":"https:\/\/cizgiromanokulu.org\/cr\/wp-json\/wp\/v2\/posts\/15767\/revisions\/15770"}],"wp:featuredmedia":[{"embeddable":true,"href":"https:\/\/cizgiromanokulu.org\/cr\/wp-json\/wp\/v2\/media\/15768"}],"wp:attachment":[{"href":"https:\/\/cizgiromanokulu.org\/cr\/wp-json\/wp\/v2\/media?parent=15767"}],"wp:term":[{"taxonomy":"category","embeddable":true,"href":"https:\/\/cizgiromanokulu.org\/cr\/wp-json\/wp\/v2\/categories?post=15767"},{"taxonomy":"post_tag","embeddable":true,"href":"https:\/\/cizgiromanokulu.org\/cr\/wp-json\/wp\/v2\/tags?post=15767"}],"curies":[{"name":"wp","href":"https:\/\/api.w.org\/{rel}","templated":true}]}}