{"id":12712,"date":"2024-01-31T19:13:29","date_gmt":"2024-01-31T16:13:29","guid":{"rendered":"https:\/\/cizgiromanokulu.org\/cr\/?p=12712"},"modified":"2024-02-02T19:33:22","modified_gmt":"2024-02-02T16:33:22","slug":"prof-dr-ali-fuat-arici-cizgi-roman-okuluna-geliyor","status":"publish","type":"post","link":"https:\/\/cizgiromanokulu.org\/cr\/prof-dr-ali-fuat-arici-cizgi-roman-okuluna-geliyor\/","title":{"rendered":"Prof. Dr. Ali Fuat Ar\u0131c\u0131 \u00c7izgi Roman Okuluna Geliyor!"},"content":{"rendered":"<p>Prof. Dr. Ali Fuat Ar\u0131c\u0131, &#8220;G\u00fczel T\u00fcrk\u00e7emizin \u0130leti\u015fim ve E\u011fitimdeki \u00d6nemi&#8221; ba\u015fl\u0131kl\u0131 s\u00f6yle\u015fisi ile 4 \u015eubat Pazar g\u00fcn\u00fc saat 14:30&#8217;da Rami K\u00fct\u00fcphanesine geliyor.<\/p>\n<p><a href=\"https:\/\/cizgiromanokulu.org\/cr\/wp-content\/uploads\/2024\/01\/af.jpg\"><img loading=\"lazy\" decoding=\"async\" class=\"alignnone size-medium wp-image-12715\" src=\"https:\/\/cizgiromanokulu.org\/cr\/wp-content\/uploads\/2024\/01\/af-300x300.jpg\" alt=\"\" width=\"300\" height=\"300\" srcset=\"https:\/\/cizgiromanokulu.org\/cr\/wp-content\/uploads\/2024\/01\/af-300x300.jpg 300w, https:\/\/cizgiromanokulu.org\/cr\/wp-content\/uploads\/2024\/01\/af-1024x1024.jpg 1024w, https:\/\/cizgiromanokulu.org\/cr\/wp-content\/uploads\/2024\/01\/af-150x150.jpg 150w, https:\/\/cizgiromanokulu.org\/cr\/wp-content\/uploads\/2024\/01\/af-768x768.jpg 768w, https:\/\/cizgiromanokulu.org\/cr\/wp-content\/uploads\/2024\/01\/af-50x50.jpg 50w, https:\/\/cizgiromanokulu.org\/cr\/wp-content\/uploads\/2024\/01\/af-100x100.jpg 100w, https:\/\/cizgiromanokulu.org\/cr\/wp-content\/uploads\/2024\/01\/af-624x624.jpg 624w, https:\/\/cizgiromanokulu.org\/cr\/wp-content\/uploads\/2024\/01\/af-600x600.jpg 600w, https:\/\/cizgiromanokulu.org\/cr\/wp-content\/uploads\/2024\/01\/af.jpg 1080w\" sizes=\"auto, (max-width: 300px) 100vw, 300px\" \/><\/a><\/p>\n","protected":false},"excerpt":{"rendered":"<p>Prof. Dr. Ali Fuat Ar\u0131c\u0131, &#8220;G\u00fczel T\u00fcrk\u00e7emizin \u0130leti\u015fim ve E\u011fitimdeki \u00d6nemi&#8221; ba\u015fl\u0131kl\u0131 s\u00f6yle\u015fisi ile 4 \u015eubat Pazar g\u00fcn\u00fc saat 14:30&#8217;da Rami K\u00fct\u00fcphanesine geliyor.<\/p>\n","protected":false},"author":1,"featured_media":12715,"comment_status":"open","ping_status":"open","sticky":false,"template":"","format":"standard","meta":{"footnotes":""},"categories":[1],"tags":[],"class_list":["post-12712","post","type-post","status-publish","format-standard","has-post-thumbnail","hentry","category-genel"],"_links":{"self":[{"href":"https:\/\/cizgiromanokulu.org\/cr\/wp-json\/wp\/v2\/posts\/12712","targetHints":{"allow":["GET"]}}],"collection":[{"href":"https:\/\/cizgiromanokulu.org\/cr\/wp-json\/wp\/v2\/posts"}],"about":[{"href":"https:\/\/cizgiromanokulu.org\/cr\/wp-json\/wp\/v2\/types\/post"}],"author":[{"embeddable":true,"href":"https:\/\/cizgiromanokulu.org\/cr\/wp-json\/wp\/v2\/users\/1"}],"replies":[{"embeddable":true,"href":"https:\/\/cizgiromanokulu.org\/cr\/wp-json\/wp\/v2\/comments?post=12712"}],"version-history":[{"count":2,"href":"https:\/\/cizgiromanokulu.org\/cr\/wp-json\/wp\/v2\/posts\/12712\/revisions"}],"predecessor-version":[{"id":12716,"href":"https:\/\/cizgiromanokulu.org\/cr\/wp-json\/wp\/v2\/posts\/12712\/revisions\/12716"}],"wp:featuredmedia":[{"embeddable":true,"href":"https:\/\/cizgiromanokulu.org\/cr\/wp-json\/wp\/v2\/media\/12715"}],"wp:attachment":[{"href":"https:\/\/cizgiromanokulu.org\/cr\/wp-json\/wp\/v2\/media?parent=12712"}],"wp:term":[{"taxonomy":"category","embeddable":true,"href":"https:\/\/cizgiromanokulu.org\/cr\/wp-json\/wp\/v2\/categories?post=12712"},{"taxonomy":"post_tag","embeddable":true,"href":"https:\/\/cizgiromanokulu.org\/cr\/wp-json\/wp\/v2\/tags?post=12712"}],"curies":[{"name":"wp","href":"https:\/\/api.w.org\/{rel}","templated":true}]}}