{"id":11285,"date":"2023-11-11T12:47:58","date_gmt":"2023-11-11T09:47:58","guid":{"rendered":"http:\/\/cizgiromanokulu.org\/cr\/?p=11285"},"modified":"2023-11-11T12:47:58","modified_gmt":"2023-11-11T09:47:58","slug":"rami-cizgi-roman-okulu-basliyor","status":"publish","type":"post","link":"https:\/\/cizgiromanokulu.org\/cr\/rami-cizgi-roman-okulu-basliyor\/","title":{"rendered":"Rami \u00c7izgi Roman Okulu Ba\u015fl\u0131yor!"},"content":{"rendered":"<p><a href=\"https:\/\/cizgiromanokulu.org\/cr\/wp-content\/uploads\/2023\/11\/cizgi-roman-okulu-rami.jpg\"><img loading=\"lazy\" decoding=\"async\" class=\"size-medium wp-image-11286 alignleft\" src=\"https:\/\/cizgiromanokulu.org\/cr\/wp-content\/uploads\/2023\/11\/cizgi-roman-okulu-rami-240x300.jpg\" alt=\"\" width=\"240\" height=\"300\" srcset=\"https:\/\/cizgiromanokulu.org\/cr\/wp-content\/uploads\/2023\/11\/cizgi-roman-okulu-rami-240x300.jpg 240w, https:\/\/cizgiromanokulu.org\/cr\/wp-content\/uploads\/2023\/11\/cizgi-roman-okulu-rami.jpg 512w\" sizes=\"auto, (max-width: 240px) 100vw, 240px\" \/><\/a>\u00c7izgi Roman Okulu Rami K\u00fct\u00fcphanesinde ba\u015fl\u0131yor! Bu e\u011fitimde hem \u00f6\u011fretmenlere hem de gen\u00e7lere ayr\u0131 gruplar helinde dersler verilecek.<\/p>\n<p>E\u011fitimci, Yazar ve \u00e7izer Fehmi Demirba\u011f&#8217;\u0131n verece\u011fi e\u011fitimde karakter \u00e7izimi, senaryo e\u011fitimi ve yazarl\u0131k dersleri yer alacak. Alt\u0131 ay s\u00fcrecek e\u011fitimi tamamlayan kat\u0131l\u0131mc\u0131lar \u00e7izgi roman kitab\u0131 haz\u0131rlayacaklar. Eserler sergide bir araya getirilecek.<\/p>\n<p>E\u011fitim,<\/p>\n<p>Sabah 14 ya\u015f \u00fcst\u00fc gen\u00e7ler,<\/p>\n<p>\u00d6\u011fleden sonra \u00f6\u011fretmenler<\/p>\n<p>olmak \u00fczere iki ayr\u0131 grup halinde yap\u0131lacak.<\/p>\n<p>14 ya\u015f \u00fcst\u00fc gen\u00e7ler a\u015fa\u011f\u0131daki linkten hemen ba\u015fvuru yaparak derslere kat\u0131labilirler.<\/p>\n<p><a href=\"https:\/\/etkinlik.ramikutuphanesi.gov.tr\">https:\/\/etkinlik.ramikutuphanesi.gov.tr<\/a><\/p>\n<p>\u00d6\u011fretmenler ise\u00a0\u0130stabul\u00a0 \u0130l Milli E\u011fitim M\u00fcd\u00fcrl\u00fc\u011f\u00fc web sitesinden ba\u015fvurabilirler. L\u00fcnk a\u015fa\u011f\u0131da belirtilmi\u015ftir.<\/p>\n<p>&nbsp;<\/p>\n<p><a href=\"https:\/\/istanbulakademi.meb.gov.tr\/SysOs110.php?pID=1321\">https:\/\/istanbulakademi.meb.gov.tr\/SysOs110.php?pID=1321<\/a><\/p>\n","protected":false},"excerpt":{"rendered":"<p>\u00c7izgi Roman Okulu Rami K\u00fct\u00fcphanesinde ba\u015fl\u0131yor! Bu e\u011fitimde hem \u00f6\u011fretmenlere hem de gen\u00e7lere ayr\u0131 gruplar helinde dersler verilecek. E\u011fitimci, Yazar ve \u00e7izer Fehmi Demirba\u011f&#8217;\u0131n verece\u011fi e\u011fitimde karakter \u00e7izimi, senaryo e\u011fitimi ve yazarl\u0131k dersleri yer alacak. Alt\u0131 ay s\u00fcrecek e\u011fitimi tamamlayan kat\u0131l\u0131mc\u0131lar \u00e7izgi roman kitab\u0131 haz\u0131rlayacaklar. Eserler sergide bir araya getirilecek. E\u011fitim, Sabah 14 ya\u015f \u00fcst\u00fc [&hellip;]<\/p>\n","protected":false},"author":1,"featured_media":11286,"comment_status":"open","ping_status":"open","sticky":false,"template":"","format":"standard","meta":{"footnotes":""},"categories":[1],"tags":[],"class_list":["post-11285","post","type-post","status-publish","format-standard","has-post-thumbnail","hentry","category-genel"],"_links":{"self":[{"href":"https:\/\/cizgiromanokulu.org\/cr\/wp-json\/wp\/v2\/posts\/11285","targetHints":{"allow":["GET"]}}],"collection":[{"href":"https:\/\/cizgiromanokulu.org\/cr\/wp-json\/wp\/v2\/posts"}],"about":[{"href":"https:\/\/cizgiromanokulu.org\/cr\/wp-json\/wp\/v2\/types\/post"}],"author":[{"embeddable":true,"href":"https:\/\/cizgiromanokulu.org\/cr\/wp-json\/wp\/v2\/users\/1"}],"replies":[{"embeddable":true,"href":"https:\/\/cizgiromanokulu.org\/cr\/wp-json\/wp\/v2\/comments?post=11285"}],"version-history":[{"count":1,"href":"https:\/\/cizgiromanokulu.org\/cr\/wp-json\/wp\/v2\/posts\/11285\/revisions"}],"predecessor-version":[{"id":11287,"href":"https:\/\/cizgiromanokulu.org\/cr\/wp-json\/wp\/v2\/posts\/11285\/revisions\/11287"}],"wp:featuredmedia":[{"embeddable":true,"href":"https:\/\/cizgiromanokulu.org\/cr\/wp-json\/wp\/v2\/media\/11286"}],"wp:attachment":[{"href":"https:\/\/cizgiromanokulu.org\/cr\/wp-json\/wp\/v2\/media?parent=11285"}],"wp:term":[{"taxonomy":"category","embeddable":true,"href":"https:\/\/cizgiromanokulu.org\/cr\/wp-json\/wp\/v2\/categories?post=11285"},{"taxonomy":"post_tag","embeddable":true,"href":"https:\/\/cizgiromanokulu.org\/cr\/wp-json\/wp\/v2\/tags?post=11285"}],"curies":[{"name":"wp","href":"https:\/\/api.w.org\/{rel}","templated":true}]}}